{"id":1219,"date":"2021-09-02T12:21:39","date_gmt":"2021-09-02T12:21:39","guid":{"rendered":"https:\/\/neu.ilogs.care\/?p=1219"},"modified":"2021-09-02T12:21:39","modified_gmt":"2021-09-02T12:21:39","slug":"pilotprojekt-aalbin","status":"publish","type":"post","link":"https:\/\/james.care\/sl\/pilotprojekt-aalbin\/","title":{"rendered":"Pilotni projekt AALbin"},"content":{"rendered":"<blockquote>\n<p>\n\t\t\t\tNikoli niste prestari za u\u010denje.\t\t\t<\/p>\n<footer>\n\t\t\t\t\t\t\t\t\t\t\t<cite>Nem\u0161ki pregovor<\/cite><br \/>\n\t\t\t\t\t\t\t\t\t\t\t\t\t\t<\/footer>\n<\/blockquote>\n<h2>Pilotni projekt AALbin je v polnem teku<\/h2>\n<p><strong>V za\u010detku leta 2021 je JAMES TeleCare v sodelovanju z <a href=\"https:\/\/smartcity.wien.gv.at\/site\/\">Pametno mesto Dunaj<\/a> 30 starej\u0161ih ob\u010danov v stanovanjskem naselju Per-Albin-Hansson s tabli\u010dnim ra\u010dunalnikom JAMES in uro za klic v sili.<\/strong><\/p>\n<p>\u0160tevilni starej\u0161i dr\u017eavljani so plahi in neradi sprejemajo vse ve\u010djo digitalizacijo. Namen projekta je odpraviti prav to te\u017eavo. Pod geslom \"Aktivna starost z digitalizacijo\" je treba starej\u0161im omogo\u010diti la\u017eji dostop do digitalne dobe in hkrati u\u017eivati v novih tehnologijah.<\/p>\n<p><strong>AAL<\/strong>(Active Assisted Living), kot so<strong> JAMES TeleCare<\/strong> lahko s svojo programsko in strojno opremo, usmerjeno v starej\u0161e, zagotovijo bolj\u0161o kakovost \u017eivljenja v starosti ter nudijo podporo na podro\u010djih VARNOSTI, ZDRAVJA in SKUPNOSTI.<\/p>\n<p>\u00a0<\/p>\n<p>\t\t\t\t\t\t\t\t\t\t\t\t\t\t\t<img decoding=\"async\" width=\"473\" height=\"473\" src=\"https:\/\/james.care\/wp-content\/uploads\/2021\/09\/aalbin.png\" alt=\"\" loading=\"lazy\" srcset=\"https:\/\/james.care\/wp-content\/uploads\/2021\/09\/aalbin.png 473w, https:\/\/james.care\/wp-content\/uploads\/2021\/09\/aalbin-300x300.png 300w, https:\/\/james.care\/wp-content\/uploads\/2021\/09\/aalbin-150x150.png 150w\" sizes=\"auto, (max-width: 473px) 100vw, 473px\" \/><br \/>\n\t\t\t<a href=\"https:\/\/ilogs.care\/james\" role=\"button\"><br \/>\n\t\t\t\t\t\tO podjetju JAMES<br \/>\n\t\t\t\t\t<\/a><br \/>\n\t\t\t<a href=\"https:\/\/www.iba-wien.at\/projekte\/projekt-detail\/project\/aalbin\" target=\"_blank\" role=\"button\" rel=\"noopener\"><br \/>\n\t\t\t\t\t\tZa AALbin<br \/>\n\t\t\t\t\t<\/a><\/p>","protected":false},"excerpt":{"rendered":"<p>Zum Lernen ist man nie zu alt. Deutsches Sprichwort Das Pilotprojekt AALbin ist im vollem Gange Anfang 2021 stattet JAMES TeleCare in Kooperation mit Smart City Wien 30 Senior*innen in der Per-Albin-Hansson-Siedlung mit dem JAMES Tablet und Notrufuhr aus. Viele Senior*innen begegnen der zunehmenden Digitalisierung mit Scheu und Zur\u00fcckhaltung. Das Projekt soll gerade jener Problematik [&hellip;]<\/p>\n","protected":false},"author":1,"featured_media":1221,"comment_status":"closed","ping_status":"open","sticky":false,"template":"","format":"standard","meta":{"_acf_changed":false,"_breakdance_hide_in_design_set":false,"_breakdance_tags":"","footnotes":""},"categories":[56],"tags":[],"class_list":["post-1219","post","type-post","status-publish","format-standard","has-post-thumbnail","hentry","category-news"],"acf":[],"_links":{"self":[{"href":"https:\/\/james.care\/sl\/wp-json\/wp\/v2\/posts\/1219","targetHints":{"allow":["GET"]}}],"collection":[{"href":"https:\/\/james.care\/sl\/wp-json\/wp\/v2\/posts"}],"about":[{"href":"https:\/\/james.care\/sl\/wp-json\/wp\/v2\/types\/post"}],"author":[{"embeddable":true,"href":"https:\/\/james.care\/sl\/wp-json\/wp\/v2\/users\/1"}],"replies":[{"embeddable":true,"href":"https:\/\/james.care\/sl\/wp-json\/wp\/v2\/comments?post=1219"}],"version-history":[{"count":0,"href":"https:\/\/james.care\/sl\/wp-json\/wp\/v2\/posts\/1219\/revisions"}],"wp:featuredmedia":[{"embeddable":true,"href":"https:\/\/james.care\/sl\/wp-json\/wp\/v2\/media\/1221"}],"wp:attachment":[{"href":"https:\/\/james.care\/sl\/wp-json\/wp\/v2\/media?parent=1219"}],"wp:term":[{"taxonomy":"category","embeddable":true,"href":"https:\/\/james.care\/sl\/wp-json\/wp\/v2\/categories?post=1219"},{"taxonomy":"post_tag","embeddable":true,"href":"https:\/\/james.care\/sl\/wp-json\/wp\/v2\/tags?post=1219"}],"curies":[{"name":"wp","href":"https:\/\/api.w.org\/{rel}","templated":true}]}}