{"id":7466,"date":"2021-07-07T08:34:32","date_gmt":"2021-07-07T06:34:32","guid":{"rendered":"https:\/\/myjames.shop\/?p=7466"},"modified":"2021-07-07T08:55:48","modified_gmt":"2021-07-07T06:55:48","slug":"schick-einfach-das-james-notrufarmband","status":"publish","type":"post","link":"https:\/\/james.care\/nl\/schick-einfach-das-james-notrufarmband\/","title":{"rendered":"Chique en eenvoudig. De JAMES noodarmband"},"content":{"rendered":"<h2>Modebewust &amp; toch beschermd<\/h2>\n<p>Susanne (70) brengt net als haar vriend Peter graag veel tijd door in de natuur en gaat vaak wandelen. Ze kent de <strong>JAMES<\/strong> producten al, maar ze draagt het horloge van haar moeder altijd als aandenken en heeft het tot nu toe nog niet willen ruilen voor <strong>JAMES<\/strong> ruilen.<\/p>\n<p><em>\"E\u00e9n horloge om de linkerpols en \u00e9\u00e9n om de rechterpols zou er raar uitzien. Bovendien zijn smartwatches te ingewikkeld voor mij.\"<\/em><\/p>\n<p>Als modebewuste vrouw wil Susanne graag haar stijlbewuste uiterlijk behouden. Voor Peter is het echter belangrijk dat Susanne altijd goed beschermd is - vooral tijdens haar wandeltochten in het bos.<\/p>\n<p><img decoding=\"async\" width=\"800\" height=\"527\" src=\"https:\/\/james.care\/wp-content\/uploads\/2021\/07\/Susanne_CloseUp-1024x674.jpg\" alt=\"\" loading=\"lazy\" srcset=\"https:\/\/james.care\/wp-content\/uploads\/2021\/07\/Susanne_CloseUp-1024x674.jpg 1024w, https:\/\/james.care\/wp-content\/uploads\/2021\/07\/Susanne_CloseUp-300x197.jpg 300w, https:\/\/james.care\/wp-content\/uploads\/2021\/07\/Susanne_CloseUp-768x505.jpg 768w, https:\/\/james.care\/wp-content\/uploads\/2021\/07\/Susanne_CloseUp-1536x1011.jpg 1536w, https:\/\/james.care\/wp-content\/uploads\/2021\/07\/Susanne_CloseUp-600x395.jpg 600w, https:\/\/james.care\/wp-content\/uploads\/2021\/07\/Susanne_CloseUp.jpg 1600w\" sizes=\"auto, (max-width: 800px) 100vw, 800px\"><br \/>\n<img decoding=\"async\" width=\"300\" height=\"300\" src=\"https:\/\/james.care\/wp-content\/uploads\/2021\/04\/Notrufarmband_beta-300x300.png\" alt=\"Das JAMES Notrufarmband Seitenansicht.\" loading=\"lazy\" srcset=\"https:\/\/james.care\/wp-content\/uploads\/2021\/04\/Notrufarmband_beta-300x300.png 300w, https:\/\/james.care\/wp-content\/uploads\/2021\/04\/Notrufarmband_beta-150x150.png 150w, https:\/\/james.care\/wp-content\/uploads\/2021\/04\/Notrufarmband_beta-768x768.png 768w, https:\/\/james.care\/wp-content\/uploads\/2021\/04\/Notrufarmband_beta-600x600.png 600w, https:\/\/james.care\/wp-content\/uploads\/2021\/04\/Notrufarmband_beta-100x100.png 100w, https:\/\/james.care\/wp-content\/uploads\/2021\/04\/Notrufarmband_beta.png 1000w\" sizes=\"auto, (max-width: 300px) 100vw, 300px\"><\/p>\n<h2>JAMES als redder in nood<\/h2>\n<p>Gelukkig zijn de slimme <strong>JAMES Repertoire<\/strong> De armband kan ook zonder zorgen aan de rechterhand worden gedragen en is heel gemakkelijk te gebruiken. De armband bleek al in de eerste week een waardevolle metgezel te zijn:<\/p>\n<p>De modebewuste atlete wilde met een vriendin een boswandeling maken, zoals ze elke vrijdagochtend doet. Haar metgezel zegde echter op korte termijn af en Susanne ging alleen. Op een bijzonder gewortelde plek struikelde ze echter plotseling en verstuikte haar enkel. Zoals gewoonlijk had ze haar mobiele telefoon in de auto laten liggen.<\/p>\n<h2>Veilig en modieus de toekomst tegemoet<\/h2>\n<p>Hier is de <strong>JAMES noodarmband<\/strong> als een waardevolle beschermengel. Een snelle druk op de knop later was ze al aan de telefoon met Peter, die meteen om hulp belde. Susanne kon niet gelukkiger zijn met haar nieuwe armband.<\/p>\n<p><img decoding=\"async\" width=\"800\" height=\"474\" src=\"https:\/\/james.care\/wp-content\/uploads\/2021\/07\/Susanne_Peter_Walking-1024x607.jpg\" alt=\"\" loading=\"lazy\" srcset=\"https:\/\/james.care\/wp-content\/uploads\/2021\/07\/Susanne_Peter_Walking-1024x607.jpg 1024w, https:\/\/james.care\/wp-content\/uploads\/2021\/07\/Susanne_Peter_Walking-300x178.jpg 300w, https:\/\/james.care\/wp-content\/uploads\/2021\/07\/Susanne_Peter_Walking-768x456.jpg 768w, https:\/\/james.care\/wp-content\/uploads\/2021\/07\/Susanne_Peter_Walking-1536x911.jpg 1536w, https:\/\/james.care\/wp-content\/uploads\/2021\/07\/Susanne_Peter_Walking-600x356.jpg 600w, https:\/\/james.care\/wp-content\/uploads\/2021\/07\/Susanne_Peter_Walking.jpg 1600w\" sizes=\"auto, (max-width: 800px) 100vw, 800px\"><br \/>\n<a href=\"https:\/\/james.care\/nl\/product\/james-notrufarmband\/\" role=\"button\"><br \/>\nJAMES noodarmband &gt;<br \/>\n<\/a><\/p>","protected":false},"excerpt":{"rendered":"<p>Modebewusst &amp; trotzdem gesch\u00fctzt Susanne (70) h\u00e4lt sich wie ihr Freund Peter viel und gerne in der Natur auf und geht h\u00e4ufig walken. Sie kennt die JAMES Produkte bereits, allerdings tr\u00e4gt sie stets die Uhr ihrer Mutter als Erinnerung und wollte diese bislang nicht gegen JAMES tauschen. &#8222;Eine Uhr am linken und eine am rechten [&hellip;]<\/p>\n","protected":false},"author":2,"featured_media":7482,"comment_status":"closed","ping_status":"open","sticky":false,"template":"","format":"standard","meta":{"_acf_changed":false,"_breakdance_hide_in_design_set":false,"_breakdance_tags":"","footnotes":""},"categories":[1],"tags":[],"class_list":["post-7466","post","type-post","status-publish","format-standard","has-post-thumbnail","hentry","category-lebensgeschichte"],"acf":[],"_links":{"self":[{"href":"https:\/\/james.care\/nl\/wp-json\/wp\/v2\/posts\/7466","targetHints":{"allow":["GET"]}}],"collection":[{"href":"https:\/\/james.care\/nl\/wp-json\/wp\/v2\/posts"}],"about":[{"href":"https:\/\/james.care\/nl\/wp-json\/wp\/v2\/types\/post"}],"author":[{"embeddable":true,"href":"https:\/\/james.care\/nl\/wp-json\/wp\/v2\/users\/2"}],"replies":[{"embeddable":true,"href":"https:\/\/james.care\/nl\/wp-json\/wp\/v2\/comments?post=7466"}],"version-history":[{"count":0,"href":"https:\/\/james.care\/nl\/wp-json\/wp\/v2\/posts\/7466\/revisions"}],"wp:featuredmedia":[{"embeddable":true,"href":"https:\/\/james.care\/nl\/wp-json\/wp\/v2\/media\/7482"}],"wp:attachment":[{"href":"https:\/\/james.care\/nl\/wp-json\/wp\/v2\/media?parent=7466"}],"wp:term":[{"taxonomy":"category","embeddable":true,"href":"https:\/\/james.care\/nl\/wp-json\/wp\/v2\/categories?post=7466"},{"taxonomy":"post_tag","embeddable":true,"href":"https:\/\/james.care\/nl\/wp-json\/wp\/v2\/tags?post=7466"}],"curies":[{"name":"wp","href":"https:\/\/api.w.org\/{rel}","templated":true}]}}