{"id":1193,"date":"2021-09-02T12:01:56","date_gmt":"2021-09-02T12:01:56","guid":{"rendered":"https:\/\/neu.ilogs.care\/?p=1193"},"modified":"2021-09-02T12:01:56","modified_gmt":"2021-09-02T12:01:56","slug":"1-jahr-lockdown-in-osterreich","status":"publish","type":"post","link":"https:\/\/james.care\/nl\/1-jahr-lockdown-in-osterreich\/","title":{"rendered":"1 jaar opsluiting in Oostenrijk"},"content":{"rendered":"<h2>Digitale helpers als helden in de strijd tegen sociaal isolement.<\/h2>\n<p>Vandaag precies een jaar geleden dwong het coronavirus Oostenrijk voor het eerst tot een landelijke lockdown. Op 16 maart 2020 werden alle bedrijven, winkels, onderwijsinstellingen en verzorgingstehuizen 's nachts tijdelijk gesloten, waardoor ons sociale leven enorm werd beperkt. De bescherming van de bevolking, vooral van de oudere generaties, kreeg vanaf dat moment de hoogste prioriteit. Daarom werden we gewaarschuwd om niet met oudere familieleden en vrienden om te gaan. Dit trof vooral onze dierbaren in bejaardentehuizen en zorginstellingen, die maandenlang geen bezoek mochten ontvangen en hun dagelijks leven voortaan in sociaal isolement moesten leiden. Naast zelfopofferende artsen, verzorgers etc. in de frontlinie, bleken digitale helpers helden in de strijd tegen het coronavirus.<\/p>\n<h3>Digitalisering als kans<\/h3>\n<p>Het digitale tijdperk begon lang voor de eerste golf van het coronavirus, maar beleefde een superlatieve boom in 2020. Gescheiden families werden herenigd met behulp van videotelefonie. Dankzij onze innovatieve <strong>JAMES software<\/strong> Zelfs digitaal verlegen senioren konden de stemmen en gezichten van hun dierbaren weer zien. In opdracht van de deelstaat Karinthi\u00eb hebben we het merendeel van onze verzorgingshuizen uitgerust met de <strong>JAMES Tablet<\/strong>de seniorvriendelijke videotelefonietablet. Maar ook onze <strong>JAMES noodoproep horloges<\/strong> beschermde ouderen in isolatie met behulp van een mobiel noodoproepsysteem voor thuis. Familieleden die hun familieleden niet persoonlijk konden verzorgen vanwege het coronavirus, werden gerustgesteld door de alarmfunctie van de smartwatch.<\/p>\n<p>Een jaar later, na lang wachten, kunnen we eindelijk genieten van de versoepeling van de beperkingen en mogen we oudere familieleden weer zien, onder voorbehoud van verschillende veiligheidsmaatregelen zoals vaccinaties, COVID-tests en beschermende maskers. Verzorgingshuizen openen ook geleidelijk hun deuren en staan nu face-to-face bezoeken toe in plaats van digitale bezoeken. De toegevoegde waarde van digitalisering - niet alleen in de priv\u00e9sector, maar ook in de zorgsector - zal de komende jaren echter steeds meer aan het licht komen. Ons doel is om deze toegevoegde waarde te realiseren met behulp van de leeftijdsvriendelijke software van <strong>JAMES<\/strong> om te communiceren met oudere generaties en om de verlegenheid en scepsis weg te nemen in de omgang met digitale apparaten.<\/p>\n<p>\u00a0<\/p>\n<p>\t\t\t\t\t\t\t\t\t\t\t\t\t\t\t<img decoding=\"async\" width=\"800\" height=\"534\" src=\"https:\/\/james.care\/wp-content\/uploads\/2021\/09\/videocall_jamestation-1024x683.jpg\" alt=\"\" loading=\"lazy\" srcset=\"https:\/\/james.care\/wp-content\/uploads\/2021\/09\/videocall_jamestation-1024x683.jpg 1024w, https:\/\/james.care\/wp-content\/uploads\/2021\/09\/videocall_jamestation-300x200.jpg 300w, https:\/\/james.care\/wp-content\/uploads\/2021\/09\/videocall_jamestation-768x512.jpg 768w, https:\/\/james.care\/wp-content\/uploads\/2021\/09\/videocall_jamestation-1536x1024.jpg 1536w, https:\/\/james.care\/wp-content\/uploads\/2021\/09\/videocall_jamestation.jpg 1600w\" sizes=\"auto, (max-width: 800px) 100vw, 800px\" \/><br \/>\n\t\t\t<a href=\"https:\/\/ilogs.care\/james\" role=\"button\"><br \/>\n\t\t\t\t\t\tOver JAMES<br \/>\n\t\t\t\t\t<\/a><\/p>","protected":false},"excerpt":{"rendered":"<p>Digitale Helfer als Helden im Kampf gegen soziale Isolation. Heute, genau vor einem Jahr zwang der Coronavirus \u00d6sterreich zum ersten Mal in einen landesweiten Lockdown. Am 16.03.2020 wurden \u00fcber Nacht s\u00e4mtliche Unternehmen, Gesch\u00e4fte, p\u00e4dagogische Einrichtungen, aber auch Pflegeheime vor\u00fcbergehend geschlossen und damit unser sozialer Habitus massiv eingeschr\u00e4nkt. Der Schutz der Bev\u00f6lkerung, speziell \u00e4lterer Generationen, genoss [&hellip;]<\/p>\n","protected":false},"author":1,"featured_media":1194,"comment_status":"closed","ping_status":"open","sticky":false,"template":"","format":"standard","meta":{"_acf_changed":false,"_breakdance_hide_in_design_set":false,"_breakdance_tags":"","footnotes":""},"categories":[56],"tags":[],"class_list":["post-1193","post","type-post","status-publish","format-standard","has-post-thumbnail","hentry","category-news"],"acf":[],"_links":{"self":[{"href":"https:\/\/james.care\/nl\/wp-json\/wp\/v2\/posts\/1193","targetHints":{"allow":["GET"]}}],"collection":[{"href":"https:\/\/james.care\/nl\/wp-json\/wp\/v2\/posts"}],"about":[{"href":"https:\/\/james.care\/nl\/wp-json\/wp\/v2\/types\/post"}],"author":[{"embeddable":true,"href":"https:\/\/james.care\/nl\/wp-json\/wp\/v2\/users\/1"}],"replies":[{"embeddable":true,"href":"https:\/\/james.care\/nl\/wp-json\/wp\/v2\/comments?post=1193"}],"version-history":[{"count":0,"href":"https:\/\/james.care\/nl\/wp-json\/wp\/v2\/posts\/1193\/revisions"}],"wp:featuredmedia":[{"embeddable":true,"href":"https:\/\/james.care\/nl\/wp-json\/wp\/v2\/media\/1194"}],"wp:attachment":[{"href":"https:\/\/james.care\/nl\/wp-json\/wp\/v2\/media?parent=1193"}],"wp:term":[{"taxonomy":"category","embeddable":true,"href":"https:\/\/james.care\/nl\/wp-json\/wp\/v2\/categories?post=1193"},{"taxonomy":"post_tag","embeddable":true,"href":"https:\/\/james.care\/nl\/wp-json\/wp\/v2\/tags?post=1193"}],"curies":[{"name":"wp","href":"https:\/\/api.w.org\/{rel}","templated":true}]}}