{"id":247,"date":"2021-04-26T09:32:06","date_gmt":"2021-04-26T09:32:06","guid":{"rendered":"https:\/\/beta.myjames.shop\/?p=247"},"modified":"2023-05-04T15:08:31","modified_gmt":"2023-05-04T13:08:31","slug":"demenz-story","status":"publish","type":"post","link":"https:\/\/james.care\/it\/demenz-story\/","title":{"rendered":"Anziano con demenza lieve"},"content":{"rendered":"<h2>Protezione e orientamento con tendenza a camminare<\/h2>\n<p>Maria ha 93 anni ed \u00e8 molto orgogliosa di vivere ancora nel suo appartamento a Vienna. Recentemente, per\u00f2, l'arzilla anziana ha sviluppato segni di demenza e dimentica la sua et\u00e0. La situazione era gi\u00e0 degenerata in una situazione di pericolo, poich\u00e9 Maria era uscita da sola e non era pi\u00f9 riuscita a ritrovare la strada per il suo appartamento.<\/p>\n<p>Le ricerche disperate dell'anziana donna sono proseguite fino a notte fonda, alla fine anche in elicottero. Maria \u00e8 stata infine ritrovata nelle prime ore del mattino, completamente ipotermica e disidratata.<\/p>\n<p>Il nipote Gerhard, preoccupato, vuole evitare in tutti i modi che in futuro si verifichino scenari orribili come questo. Tuttavia, Gerhard lavora e non \u00e8 in grado di occuparsi adeguatamente di Maria. Di conseguenza, di recente Maria ha ricevuto l'assistenza di Anna, una badante 24 ore su 24, 7 giorni su 7. Ma Anna deve anche fare la spesa o prendersi del tempo per s\u00e9 di tanto in tanto. Tuttavia, a causa della demenza e della fragilit\u00e0 di Maria, Anna \u00e8 riluttante a lasciarla sola. Cosa succederebbe se cadesse o si sentisse di nuovo male?<\/p>\n<p><img loading=\"lazy\" decoding=\"async\" src=\"https:\/\/james.care\/wp-content\/uploads\/2021\/04\/shutterstock_340989686-1024x683.jpg\" sizes=\"auto, (max-width: 800px) 100vw, 800px\" srcset=\"https:\/\/james.care\/wp-content\/uploads\/2021\/04\/shutterstock_340989686-1024x683.jpg 1024w, https:\/\/james.care\/wp-content\/uploads\/2021\/04\/shutterstock_340989686-300x200.jpg 300w, https:\/\/james.care\/wp-content\/uploads\/2021\/04\/shutterstock_340989686-768x512.jpg 768w, https:\/\/james.care\/wp-content\/uploads\/2021\/04\/shutterstock_340989686-1536x1024.jpg 1536w, https:\/\/james.care\/wp-content\/uploads\/2021\/04\/shutterstock_340989686-600x400.jpg 600w, https:\/\/james.care\/wp-content\/uploads\/2021\/04\/shutterstock_340989686.jpg 1600w\" alt=\"\" width=\"800\" height=\"534\" \/><br \/>\n<img loading=\"lazy\" decoding=\"async\" src=\"https:\/\/james.care\/wp-content\/uploads\/2021\/04\/shutterstock_1233586966.jpg\" sizes=\"auto, (max-width: 800px) 100vw, 800px\" srcset=\"https:\/\/james.care\/wp-content\/uploads\/2021\/04\/shutterstock_1233586966.jpg 800w, https:\/\/james.care\/wp-content\/uploads\/2021\/04\/shutterstock_1233586966-300x200.jpg 300w, https:\/\/james.care\/wp-content\/uploads\/2021\/04\/shutterstock_1233586966-768x512.jpg 768w, https:\/\/james.care\/wp-content\/uploads\/2021\/04\/shutterstock_1233586966-600x400.jpg 600w\" alt=\"\" width=\"800\" height=\"533\" \/><\/p>\n<h2>L'orologio per demenza JAMES fornisce un supporto per la demenza lieve grazie alla protezione professionale contro il vagabondaggio.<\/h2>\n<p>Per dare tranquillit\u00e0 alla famiglia e permettere ad Anna di godersi i suoi brevi viaggi senza preoccupazioni, Gerhard ha regalato a sua nonna il <strong>Orologio da demenza JAMES<\/strong>. La famiglia di Gerhard \u00e8 gi\u00e0 stata <strong>GIACOMO <\/strong>e da allora gode di maggiore sicurezza e libert\u00e0. Il nuovo orologio di emergenza di Maria la protegge con una protezione affidabile contro il vagabondaggio, che comprende una zona di movimento. Se esce dalla zona, l'orologio attiva un allarme automatico e contatta il nipote Gerhard e la badante Anna. Se Maria scappa di nuovo, Gerhard e Anna possono cambiare la loro posizione nella zona.<strong> APP JAMES<\/strong> in qualsiasi momento e di conseguenza intervenire.<\/p>\n<p>Tuttavia, il moderno smartwatch non protegge Maria solo quando \u00e8 in giro, ma anche tra le sue mura. Se Maria soffre di vertigini, cade o si trova in un'altra situazione di emergenza, i soccorsi sono a portata di mano. <strong>Doppia sicurezza:<\/strong> Se Maria non \u00e8 pi\u00f9 in grado di premere il pulsante, l'orologio la avvisa automaticamente. Grazie al rilevamento delle cadute integrato <strong>GIACOMO <\/strong>Il sistema rileva i periodi di riposo insoliti e invia un SOS automatico ai parenti e agli assistenti di Maria.<\/p>\n<p>Con <strong>GIACOMO <\/strong>Maria \u00e8 completamente protetta e i suoi parenti\/assistenti sono rassicurati. Le piace molto anche l'orologio alla moda.<\/p>\n<p><img loading=\"lazy\" decoding=\"async\" src=\"https:\/\/james.care\/wp-content\/uploads\/2021\/04\/shutterstock_391989028-1024x683.jpg\" sizes=\"auto, (max-width: 800px) 100vw, 800px\" srcset=\"https:\/\/james.care\/wp-content\/uploads\/2021\/04\/shutterstock_391989028-1024x683.jpg 1024w, https:\/\/james.care\/wp-content\/uploads\/2021\/04\/shutterstock_391989028-300x200.jpg 300w, https:\/\/james.care\/wp-content\/uploads\/2021\/04\/shutterstock_391989028-768x512.jpg 768w, https:\/\/james.care\/wp-content\/uploads\/2021\/04\/shutterstock_391989028-1536x1024.jpg 1536w, https:\/\/james.care\/wp-content\/uploads\/2021\/04\/shutterstock_391989028-600x400.jpg 600w, https:\/\/james.care\/wp-content\/uploads\/2021\/04\/shutterstock_391989028.jpg 1600w\" alt=\"\" width=\"800\" height=\"534\" \/><\/p>","protected":false},"excerpt":{"rendered":"<p>Schutz &amp; Orientierung bei Hinlauftendenz Maria ist 93 und sehr stolz darauf noch immer in ihrer Wiener Wohnung zu leben. Unl\u00e4ngst entwickelte die r\u00fcstige Seniorin jedoch Anzeichen von Demenz und vergisst auf ihre Betagtheit. Dies artete bereits zu einer gef\u00e4hrlichen Situation aus, da Maria allein ausging und nachfolgend nicht mehr zur\u00fcck zu ihrer Wohnung fand. [&hellip;]<\/p>\n","protected":false},"author":2,"featured_media":278,"comment_status":"closed","ping_status":"open","sticky":false,"template":"","format":"standard","meta":{"_acf_changed":false,"_breakdance_hide_in_design_set":false,"_breakdance_tags":"","footnotes":""},"categories":[1],"tags":[],"class_list":["post-247","post","type-post","status-publish","format-standard","has-post-thumbnail","hentry","category-lebensgeschichte"],"acf":[],"_links":{"self":[{"href":"https:\/\/james.care\/it\/wp-json\/wp\/v2\/posts\/247","targetHints":{"allow":["GET"]}}],"collection":[{"href":"https:\/\/james.care\/it\/wp-json\/wp\/v2\/posts"}],"about":[{"href":"https:\/\/james.care\/it\/wp-json\/wp\/v2\/types\/post"}],"author":[{"embeddable":true,"href":"https:\/\/james.care\/it\/wp-json\/wp\/v2\/users\/2"}],"replies":[{"embeddable":true,"href":"https:\/\/james.care\/it\/wp-json\/wp\/v2\/comments?post=247"}],"version-history":[{"count":0,"href":"https:\/\/james.care\/it\/wp-json\/wp\/v2\/posts\/247\/revisions"}],"wp:featuredmedia":[{"embeddable":true,"href":"https:\/\/james.care\/it\/wp-json\/wp\/v2\/media\/278"}],"wp:attachment":[{"href":"https:\/\/james.care\/it\/wp-json\/wp\/v2\/media?parent=247"}],"wp:term":[{"taxonomy":"category","embeddable":true,"href":"https:\/\/james.care\/it\/wp-json\/wp\/v2\/categories?post=247"},{"taxonomy":"post_tag","embeddable":true,"href":"https:\/\/james.care\/it\/wp-json\/wp\/v2\/tags?post=247"}],"curies":[{"name":"wp","href":"https:\/\/api.w.org\/{rel}","templated":true}]}}