{"id":1193,"date":"2021-09-02T12:01:56","date_gmt":"2021-09-02T12:01:56","guid":{"rendered":"https:\/\/neu.ilogs.care\/?p=1193"},"modified":"2021-09-02T12:01:56","modified_gmt":"2021-09-02T12:01:56","slug":"1-jahr-lockdown-in-osterreich","status":"publish","type":"post","link":"https:\/\/james.care\/it\/1-jahr-lockdown-in-osterreich\/","title":{"rendered":"1 anno di isolamento in Austria"},"content":{"rendered":"<h2>Gli assistenti digitali come eroi nella lotta all'isolamento sociale.<\/h2>\n<p>Esattamente un anno fa, il coronavirus ha costretto per la prima volta l'Austria a una chiusura nazionale. Il 16 marzo 2020, tutte le aziende, i negozi, gli istituti scolastici e le case di cura sono stati temporaneamente chiusi durante la notte, limitando in modo massiccio la nostra vita sociale. La protezione della popolazione, in particolare delle generazioni pi\u00f9 anziane, ha avuto da quel momento in poi la massima priorit\u00e0. Di conseguenza, siamo stati avvertiti di non socializzare con familiari e amici anziani. Ci\u00f2 ha riguardato in particolare i nostri cari ricoverati in case di riposo e strutture assistenziali, che per mesi non hanno potuto ricevere visite e che da quel momento hanno dovuto affrontare la loro vita quotidiana in isolamento sociale. Oltre ai medici, agli assistenti ecc. che si sono sacrificati in prima linea, gli assistenti digitali si sono rivelati degli eroi nella lotta contro il coronavirus.<\/p>\n<h3>La digitalizzazione come opportunit\u00e0<\/h3>\n<p>L'era digitale \u00e8 iniziata molto prima della prima ondata di coronavirus, ma ha vissuto un boom superlativo nel 2020. Le famiglie separate si sono riunite con l'aiuto della videotelefonia. Grazie alla nostra innovativa <strong>Software JAMES<\/strong> Anche gli anziani pi\u00f9 timidi dal punto di vista digitale hanno potuto rivedere le voci e i volti dei loro cari. Per conto dello Stato della Carinzia, abbiamo dotato la maggior parte delle nostre case di riposo del <strong>Tavoletta JAMES<\/strong>il tablet di videotelefonia per anziani. Ma anche il nostro <strong>Orologi di emergenza JAMES<\/strong> ha protetto gli anziani in isolamento con l'aiuto di un sistema mobile di chiamata d'emergenza a domicilio. I parenti che non hanno potuto assistere personalmente i loro congiunti a causa del coronavirus sono stati rassicurati dalla funzione di allarme dello smartwatch.<\/p>\n<p>A distanza di un anno, dopo una lunga attesa, stiamo finalmente godendo dell'allentamento delle restrizioni e ci \u00e8 permesso di rivedere i familiari anziani, a patto che vengano prese varie precauzioni di sicurezza come vaccinazioni, test COVID e maschere protettive. Anche le case di cura stanno gradualmente aprendo le loro porte e ora consentono visite di persona anzich\u00e9 digitali. Tuttavia, il valore aggiunto della digitalizzazione - non solo nel settore privato, ma anche in quello dell'assistenza e della sanit\u00e0 - verr\u00e0 sempre pi\u00f9 alla luce nei prossimi anni. Il nostro obiettivo \u00e8 realizzare questo valore aggiunto con l'aiuto del software age-friendly di <strong>GIACOMO<\/strong> per comunicare con le generazioni pi\u00f9 anziane e per eliminare la timidezza e lo scetticismo nei confronti dei dispositivi digitali.<\/p>\n<p>\u00a0<\/p>\n<p>\t\t\t\t\t\t\t\t\t\t\t\t\t\t\t<img decoding=\"async\" width=\"800\" height=\"534\" src=\"https:\/\/james.care\/wp-content\/uploads\/2021\/09\/videocall_jamestation-1024x683.jpg\" alt=\"\" loading=\"lazy\" srcset=\"https:\/\/james.care\/wp-content\/uploads\/2021\/09\/videocall_jamestation-1024x683.jpg 1024w, https:\/\/james.care\/wp-content\/uploads\/2021\/09\/videocall_jamestation-300x200.jpg 300w, https:\/\/james.care\/wp-content\/uploads\/2021\/09\/videocall_jamestation-768x512.jpg 768w, https:\/\/james.care\/wp-content\/uploads\/2021\/09\/videocall_jamestation-1536x1024.jpg 1536w, https:\/\/james.care\/wp-content\/uploads\/2021\/09\/videocall_jamestation.jpg 1600w\" sizes=\"auto, (max-width: 800px) 100vw, 800px\" \/><br \/>\n\t\t\t<a href=\"https:\/\/ilogs.care\/james\" role=\"button\"><br \/>\n\t\t\t\t\t\tInformazioni su JAMES<br \/>\n\t\t\t\t\t<\/a><\/p>","protected":false},"excerpt":{"rendered":"<p>Digitale Helfer als Helden im Kampf gegen soziale Isolation. Heute, genau vor einem Jahr zwang der Coronavirus \u00d6sterreich zum ersten Mal in einen landesweiten Lockdown. Am 16.03.2020 wurden \u00fcber Nacht s\u00e4mtliche Unternehmen, Gesch\u00e4fte, p\u00e4dagogische Einrichtungen, aber auch Pflegeheime vor\u00fcbergehend geschlossen und damit unser sozialer Habitus massiv eingeschr\u00e4nkt. Der Schutz der Bev\u00f6lkerung, speziell \u00e4lterer Generationen, genoss [&hellip;]<\/p>\n","protected":false},"author":1,"featured_media":1194,"comment_status":"closed","ping_status":"open","sticky":false,"template":"","format":"standard","meta":{"_acf_changed":false,"_breakdance_hide_in_design_set":false,"_breakdance_tags":"","footnotes":""},"categories":[56],"tags":[],"class_list":["post-1193","post","type-post","status-publish","format-standard","has-post-thumbnail","hentry","category-news"],"acf":[],"_links":{"self":[{"href":"https:\/\/james.care\/it\/wp-json\/wp\/v2\/posts\/1193","targetHints":{"allow":["GET"]}}],"collection":[{"href":"https:\/\/james.care\/it\/wp-json\/wp\/v2\/posts"}],"about":[{"href":"https:\/\/james.care\/it\/wp-json\/wp\/v2\/types\/post"}],"author":[{"embeddable":true,"href":"https:\/\/james.care\/it\/wp-json\/wp\/v2\/users\/1"}],"replies":[{"embeddable":true,"href":"https:\/\/james.care\/it\/wp-json\/wp\/v2\/comments?post=1193"}],"version-history":[{"count":0,"href":"https:\/\/james.care\/it\/wp-json\/wp\/v2\/posts\/1193\/revisions"}],"wp:featuredmedia":[{"embeddable":true,"href":"https:\/\/james.care\/it\/wp-json\/wp\/v2\/media\/1194"}],"wp:attachment":[{"href":"https:\/\/james.care\/it\/wp-json\/wp\/v2\/media?parent=1193"}],"wp:term":[{"taxonomy":"category","embeddable":true,"href":"https:\/\/james.care\/it\/wp-json\/wp\/v2\/categories?post=1193"},{"taxonomy":"post_tag","embeddable":true,"href":"https:\/\/james.care\/it\/wp-json\/wp\/v2\/tags?post=1193"}],"curies":[{"name":"wp","href":"https:\/\/api.w.org\/{rel}","templated":true}]}}