{"id":41262,"date":"2021-09-02T11:56:21","date_gmt":"2021-09-02T11:56:21","guid":{"rendered":"https:\/\/neu.ilogs.care\/?p=1188"},"modified":"2021-09-02T11:56:21","modified_gmt":"2021-09-02T11:56:21","slug":"digitale-impulse-fur-pflege-betreuung","status":"publish","type":"post","link":"https:\/\/james.care\/fr\/digitale-impulse-fur-pflege-betreuung\/","title":{"rendered":"Impulsions num\u00e9riques pour les soins et l'accompagnement"},"content":{"rendered":"<h2>La num\u00e9risation, nouveau moteur du secteur des soins<\/h2>\n<p>Une personne sur trois \u00e2g\u00e9e de 65 ans et plus vit seule. Depuis le milieu des ann\u00e9es 1980, le nombre de m\u00e9nages familiaux et de c\u00e9libataires a presque doubl\u00e9 - ce sont surtout les seniors qui vivent de plus en plus seuls. En 2020, selon les statistiques autrichiennes, pr\u00e8s de quatre millions de m\u00e9nages priv\u00e9s \u00e9taient recens\u00e9s - dont 1 506 000 personnes vivaient seules. La poursuite de cette tendance aura toutefois un impact massif sur la qualit\u00e9 de vie et les soins des personnes \u00e2g\u00e9es au plus tard en 2030.<\/p>\n<p>Comme les <a href=\"https:\/\/www.statistik.at\/web_de\/presse\/125595.html\">\u00c9tude de Statistik-Austria<\/a> et de nombreuses autres recherches le prouvent, notre soci\u00e9t\u00e9 est soumise \u00e0 un changement d\u00e9mographique. Celui-ci entra\u00eenera dans les ann\u00e9es \u00e0 venir une nette modification de la structure de la population. Le d\u00e9part \u00e0 la retraite de la g\u00e9n\u00e9ration du baby-boom ainsi que la tendance aux m\u00e9nages de c\u00e9libataires et la baisse du taux de natalit\u00e9 aggravent consid\u00e9rablement la situation dans le secteur des soins. Comme on le sait, le secteur des soins souffre depuis des ann\u00e9es d\u00e9j\u00e0 d'une p\u00e9nurie de personnel certifi\u00e9. Rien qu'en 2030, on pr\u00e9voit un besoin d'environ 100.000 infirmiers en Autriche. Cette estimation signifie bien s\u00fbr aussi de nouvelles possibilit\u00e9s de carri\u00e8re dans un domaine professionnel polyvalent qui bouge. La num\u00e9risation croissante rend le travail dans le domaine des soins et de l'assistance encore plus attrayant.<\/p>\n<h3>R\u00e9ussir avec des syst\u00e8mes de soins holistiques<\/h3>\n<p>Une autre solution pour all\u00e9ger le quotidien des soins et am\u00e9liorer la qualit\u00e9 de vie des seniors est le <strong><a href=\"https:\/\/ilogs.care\/james\">JAMES Tablet<\/a><\/strong>Une tablette sp\u00e9ciale qui divertit les personnes \u00e2g\u00e9es gr\u00e2ce \u00e0 un logiciel convivial et une utilisation simple. La tablette sert de plateforme de communication globale entre les soins professionnels et les soins \u00e0 domicile. En cons\u00e9quence, le syst\u00e8me apporte des outils de soins professionnels au domicile des personnes aid\u00e9es. Les organisations de soins peuvent fournir aux soignants et aux proches soignants un plan de soins professionnel comprenant des instructions et des tutoriels vid\u00e9o via la tablette. <strong>JAMES Tablet <\/strong>\u00e0 la personne concern\u00e9e. Le plan et le contenu sont adapt\u00e9s aux besoins de la personne \u00e0 soigner. De plus, l'application de soins de la tablette permet aux soignants et aux proches de documenter facilement les t\u00e2ches quotidiennes \u00e0 l'aide d'une liste de contr\u00f4le. L'int\u00e9gration d'autres fonctionnalit\u00e9s, telles qu'un portail familial pour une meilleure communication avec les proches, permettra de d\u00e9velopper la tablette en une plateforme de services compl\u00e8te.<\/p>\n<p>\t\t\t\t\t\t\t\t\t\t\t\t\t\t\t<img decoding=\"async\" width=\"800\" height=\"695\" src=\"https:\/\/james.care\/wp-content\/uploads\/2021\/09\/James_Station_startscreen_mocca-1024x890.jpg\" alt=\"\" loading=\"lazy\" srcset=\"https:\/\/james.care\/wp-content\/uploads\/2021\/09\/James_Station_startscreen_mocca-1024x890.jpg 1024w, https:\/\/james.care\/wp-content\/uploads\/2021\/09\/James_Station_startscreen_mocca-300x261.jpg 300w, https:\/\/james.care\/wp-content\/uploads\/2021\/09\/James_Station_startscreen_mocca-768x667.jpg 768w, https:\/\/james.care\/wp-content\/uploads\/2021\/09\/James_Station_startscreen_mocca-1536x1334.jpg 1536w, https:\/\/james.care\/wp-content\/uploads\/2021\/09\/James_Station_startscreen_mocca.jpg 1600w\" sizes=\"auto, (max-width: 800px) 100vw, 800px\" \/><br \/>\n\t\t\t\t\t\t\t\t\t\t\t\t\t\t\t<img decoding=\"async\" width=\"800\" height=\"327\" src=\"https:\/\/james.care\/wp-content\/uploads\/2021\/08\/elderly_man_caretaker_tablet-e1630406697278-1024x418.jpg\" alt=\"\" loading=\"lazy\" srcset=\"https:\/\/james.care\/wp-content\/uploads\/2021\/08\/elderly_man_caretaker_tablet-e1630406697278-1024x418.jpg 1024w, https:\/\/james.care\/wp-content\/uploads\/2021\/08\/elderly_man_caretaker_tablet-e1630406697278-300x123.jpg 300w, https:\/\/james.care\/wp-content\/uploads\/2021\/08\/elderly_man_caretaker_tablet-e1630406697278-768x314.jpg 768w, https:\/\/james.care\/wp-content\/uploads\/2021\/08\/elderly_man_caretaker_tablet-e1630406697278-1536x627.jpg 1536w, https:\/\/james.care\/wp-content\/uploads\/2021\/08\/elderly_man_caretaker_tablet-e1630406697278.jpg 1800w\" sizes=\"auto, (max-width: 800px) 100vw, 800px\" \/>\t\t\t\t\t\t\t\t\t\t\t\t\t\t\t<\/p>\n<h3>La num\u00e9risation cr\u00e9e l'avenir<\/h3>\n<p>Une qualit\u00e9 toujours plus \u00e9lev\u00e9e est exig\u00e9e tant des \u00e9tablissements de soins professionnels et des infirmiers mobiles que du vaste secteur des soins \u00e0 domicile. Ce fait ne doit toutefois pas d\u00e9courager la profession de soignant. Le flux de travail des soins est de plus en plus facilit\u00e9 par les outils num\u00e9riques et offre aux professionnels la possibilit\u00e9 de se concentrer sur l'essentiel, \u00e0 savoir les personnes dont ils s'occupent, tout en leur permettant de r\u00e9agir aux nouveaux d\u00e9fis.<\/p>\n<p>\t\t\t<a href=\"https:\/\/ilogs.care\/mocca\" role=\"button\"><br \/>\n\t\t\t\t\t\tVers MOCCA<br \/>\n\t\t\t\t\t<\/a><br \/>\n\t\t\t<a href=\"https:\/\/ilogs.care\/james\" role=\"button\"><br \/>\n\t\t\t\t\t\tPour JAMES<br \/>\n\t\t\t\t\t<\/a><\/p>","protected":false},"excerpt":{"rendered":"<p>Digitalisierung als neuer Motor des Pflegesektors Jeder Dritte ab 65 Jahren lebt allein. Seit Mitte der 1980er hat sich die Zahl der Einfamilien- und Singlehaushalte nahezu verdoppelt &#8211; vor allem Senioren leben vermehrt allein. 2020 wurden laut Statistik Austria nahezu vier Millionen Privathaushalte verzeichnet &#8211; davon lebten 1.506.000 Menschen allein. Das Anhalten des Trends wird [&hellip;]<\/p>\n","protected":false},"author":1,"featured_media":475,"comment_status":"closed","ping_status":"open","sticky":false,"template":"","format":"standard","meta":{"_acf_changed":false,"_breakdance_hide_in_design_set":false,"_breakdance_tags":"","footnotes":""},"categories":[56],"tags":[],"class_list":["post-41262","post","type-post","status-publish","format-standard","has-post-thumbnail","hentry","category-news"],"acf":[],"_links":{"self":[{"href":"https:\/\/james.care\/fr\/wp-json\/wp\/v2\/posts\/41262","targetHints":{"allow":["GET"]}}],"collection":[{"href":"https:\/\/james.care\/fr\/wp-json\/wp\/v2\/posts"}],"about":[{"href":"https:\/\/james.care\/fr\/wp-json\/wp\/v2\/types\/post"}],"author":[{"embeddable":true,"href":"https:\/\/james.care\/fr\/wp-json\/wp\/v2\/users\/1"}],"replies":[{"embeddable":true,"href":"https:\/\/james.care\/fr\/wp-json\/wp\/v2\/comments?post=41262"}],"version-history":[{"count":0,"href":"https:\/\/james.care\/fr\/wp-json\/wp\/v2\/posts\/41262\/revisions"}],"wp:featuredmedia":[{"embeddable":true,"href":"https:\/\/james.care\/fr\/wp-json\/wp\/v2\/media\/475"}],"wp:attachment":[{"href":"https:\/\/james.care\/fr\/wp-json\/wp\/v2\/media?parent=41262"}],"wp:term":[{"taxonomy":"category","embeddable":true,"href":"https:\/\/james.care\/fr\/wp-json\/wp\/v2\/categories?post=41262"},{"taxonomy":"post_tag","embeddable":true,"href":"https:\/\/james.care\/fr\/wp-json\/wp\/v2\/tags?post=41262"}],"curies":[{"name":"wp","href":"https:\/\/api.w.org\/{rel}","templated":true}]}}