{"id":247,"date":"2021-04-26T09:32:06","date_gmt":"2021-04-26T09:32:06","guid":{"rendered":"https:\/\/beta.myjames.shop\/?p=247"},"modified":"2023-05-04T15:08:31","modified_gmt":"2023-05-04T13:08:31","slug":"demenz-story","status":"publish","type":"post","link":"https:\/\/james.care\/fr\/demenz-story\/","title":{"rendered":"Personne \u00e2g\u00e9e atteinte de d\u00e9mence l\u00e9g\u00e8re"},"content":{"rendered":"<h2>Protection &amp; orientation en cas de tendance \u00e0 la claudication<\/h2>\n<p>Maria a 93 ans et est tr\u00e8s fi\u00e8re de vivre encore dans son appartement viennois. R\u00e9cemment, cette robuste personne \u00e2g\u00e9e a commenc\u00e9 \u00e0 montrer des signes de d\u00e9mence et \u00e0 oublier son \u00e2ge. Cela a d\u00e9g\u00e9n\u00e9r\u00e9 en une situation dangereuse, car Maria est sortie seule et n'a pas pu retrouver son appartement.<\/p>\n<p>Jusque tard dans la nuit, des recherches d\u00e9sesp\u00e9r\u00e9es ont \u00e9t\u00e9 men\u00e9es pour retrouver la personne \u00e2g\u00e9e - finalement, m\u00eame avec un h\u00e9licopt\u00e8re. Maria a finalement \u00e9t\u00e9 retrouv\u00e9e au petit matin, en \u00e9tat d'hypothermie et de d\u00e9shydratation.<\/p>\n<p>Son petit-fils Gerhard, inquiet, veut \u00e9viter par tous les moyens des sc\u00e9narios d'horreur comme celui-ci \u00e0 l'avenir. Cependant, Gerhard travaille et ne peut donc pas s'occuper suffisamment de Maria. C'est pourquoi Maria a r\u00e9cemment re\u00e7u l'aide d'Anna, une aide-soignante qui travaille 24 heures sur 24 et 7 jours sur 7. Mais Anna doit aussi faire des courses de temps en temps ou prendre du temps pour elle. En raison de la d\u00e9mence et de la fragilit\u00e9 de Maria, Anna n'aime pas la laisser seule. Que se passerait-il si elle tombait ou s'absentait \u00e0 nouveau ?<\/p>\n<p><img loading=\"lazy\" decoding=\"async\" src=\"https:\/\/james.care\/wp-content\/uploads\/2021\/04\/shutterstock_340989686-1024x683.jpg\" sizes=\"auto, (max-width: 800px) 100vw, 800px\" srcset=\"https:\/\/james.care\/wp-content\/uploads\/2021\/04\/shutterstock_340989686-1024x683.jpg 1024w, https:\/\/james.care\/wp-content\/uploads\/2021\/04\/shutterstock_340989686-300x200.jpg 300w, https:\/\/james.care\/wp-content\/uploads\/2021\/04\/shutterstock_340989686-768x512.jpg 768w, https:\/\/james.care\/wp-content\/uploads\/2021\/04\/shutterstock_340989686-1536x1024.jpg 1536w, https:\/\/james.care\/wp-content\/uploads\/2021\/04\/shutterstock_340989686-600x400.jpg 600w, https:\/\/james.care\/wp-content\/uploads\/2021\/04\/shutterstock_340989686.jpg 1600w\" alt=\"\" width=\"800\" height=\"534\" \/><br \/>\n<img loading=\"lazy\" decoding=\"async\" src=\"https:\/\/james.care\/wp-content\/uploads\/2021\/04\/shutterstock_1233586966.jpg\" sizes=\"auto, (max-width: 800px) 100vw, 800px\" srcset=\"https:\/\/james.care\/wp-content\/uploads\/2021\/04\/shutterstock_1233586966.jpg 800w, https:\/\/james.care\/wp-content\/uploads\/2021\/04\/shutterstock_1233586966-300x200.jpg 300w, https:\/\/james.care\/wp-content\/uploads\/2021\/04\/shutterstock_1233586966-768x512.jpg 768w, https:\/\/james.care\/wp-content\/uploads\/2021\/04\/shutterstock_1233586966-600x400.jpg 600w\" alt=\"\" width=\"800\" height=\"533\" \/><\/p>\n<h2>La montre JAMES pour les personnes atteintes de d\u00e9mence l\u00e9g\u00e8re est dot\u00e9e d'une protection professionnelle contre les fugues.<\/h2>\n<p>Pour que la famille soit rassur\u00e9e et qu'Anna puisse elle aussi profiter de ses courtes excursions en toute s\u00e9r\u00e9nit\u00e9, Gerhard a offert \u00e0 sa grand-m\u00e8re la <strong>JAMES Montre de d\u00e9mence<\/strong>. La famille de Gerhard est d\u00e9j\u00e0 <strong>JAMES <\/strong>et jouit depuis lors d'une s\u00e9curit\u00e9 et d'une libert\u00e9 accrues. La nouvelle montre d'appel d'urgence de Maria la prot\u00e8ge avec une protection fiable contre les fugues, y compris une zone de mouvement. Si elle quitte cette zone, la montre d\u00e9clenche une alarme automatique et contacte son petit-fils Gerhard et l'infirmi\u00e8re Anna. Si Maria s'\u00e9chappe \u00e0 nouveau, Gerhard et Anna peuvent changer de position dans la zone de surveillance.<strong> JAMES APP<\/strong> et donc d'intervenir.<\/p>\n<p>La smartwatch moderne ne prot\u00e8ge pas seulement Maria en d\u00e9placement, mais aussi chez elle. Si Maria est victime d'un vertige, d'une chute ou d'une autre situation d'urgence, il lui suffit d'appuyer sur un bouton pour obtenir de l'aide. <strong>Double s\u00e9curit\u00e9 :<\/strong> Si Maria n'est plus en mesure d'appuyer sur le bouton, la montre \u00e9met \u00e9galement une alarme automatique. Gr\u00e2ce \u00e0 la d\u00e9tection de chute int\u00e9gr\u00e9e, la montre prend <strong>JAMES <\/strong>per\u00e7oit des phases de repos inhabituelles et envoie un SOS automatique aux proches et aux soignants de Maria.<\/p>\n<p>Avec <strong>JAMES <\/strong>Maria est prot\u00e9g\u00e9e de tous les c\u00f4t\u00e9s et ses proches \/ soignants sont rassur\u00e9s. De plus, la montre \u00e0 la mode lui pla\u00eet beaucoup.<\/p>\n<p><img loading=\"lazy\" decoding=\"async\" src=\"https:\/\/james.care\/wp-content\/uploads\/2021\/04\/shutterstock_391989028-1024x683.jpg\" sizes=\"auto, (max-width: 800px) 100vw, 800px\" srcset=\"https:\/\/james.care\/wp-content\/uploads\/2021\/04\/shutterstock_391989028-1024x683.jpg 1024w, https:\/\/james.care\/wp-content\/uploads\/2021\/04\/shutterstock_391989028-300x200.jpg 300w, https:\/\/james.care\/wp-content\/uploads\/2021\/04\/shutterstock_391989028-768x512.jpg 768w, https:\/\/james.care\/wp-content\/uploads\/2021\/04\/shutterstock_391989028-1536x1024.jpg 1536w, https:\/\/james.care\/wp-content\/uploads\/2021\/04\/shutterstock_391989028-600x400.jpg 600w, https:\/\/james.care\/wp-content\/uploads\/2021\/04\/shutterstock_391989028.jpg 1600w\" alt=\"\" width=\"800\" height=\"534\" \/><\/p>","protected":false},"excerpt":{"rendered":"<p>Schutz &amp; Orientierung bei Hinlauftendenz Maria ist 93 und sehr stolz darauf noch immer in ihrer Wiener Wohnung zu leben. Unl\u00e4ngst entwickelte die r\u00fcstige Seniorin jedoch Anzeichen von Demenz und vergisst auf ihre Betagtheit. Dies artete bereits zu einer gef\u00e4hrlichen Situation aus, da Maria allein ausging und nachfolgend nicht mehr zur\u00fcck zu ihrer Wohnung fand. [&hellip;]<\/p>\n","protected":false},"author":2,"featured_media":278,"comment_status":"closed","ping_status":"open","sticky":false,"template":"","format":"standard","meta":{"_acf_changed":false,"_breakdance_hide_in_design_set":false,"_breakdance_tags":"","footnotes":""},"categories":[1],"tags":[],"class_list":["post-247","post","type-post","status-publish","format-standard","has-post-thumbnail","hentry","category-lebensgeschichte"],"acf":[],"_links":{"self":[{"href":"https:\/\/james.care\/fr\/wp-json\/wp\/v2\/posts\/247","targetHints":{"allow":["GET"]}}],"collection":[{"href":"https:\/\/james.care\/fr\/wp-json\/wp\/v2\/posts"}],"about":[{"href":"https:\/\/james.care\/fr\/wp-json\/wp\/v2\/types\/post"}],"author":[{"embeddable":true,"href":"https:\/\/james.care\/fr\/wp-json\/wp\/v2\/users\/2"}],"replies":[{"embeddable":true,"href":"https:\/\/james.care\/fr\/wp-json\/wp\/v2\/comments?post=247"}],"version-history":[{"count":0,"href":"https:\/\/james.care\/fr\/wp-json\/wp\/v2\/posts\/247\/revisions"}],"wp:featuredmedia":[{"embeddable":true,"href":"https:\/\/james.care\/fr\/wp-json\/wp\/v2\/media\/278"}],"wp:attachment":[{"href":"https:\/\/james.care\/fr\/wp-json\/wp\/v2\/media?parent=247"}],"wp:term":[{"taxonomy":"category","embeddable":true,"href":"https:\/\/james.care\/fr\/wp-json\/wp\/v2\/categories?post=247"},{"taxonomy":"post_tag","embeddable":true,"href":"https:\/\/james.care\/fr\/wp-json\/wp\/v2\/tags?post=247"}],"curies":[{"name":"wp","href":"https:\/\/api.w.org\/{rel}","templated":true}]}}