{"id":1193,"date":"2021-09-02T12:01:56","date_gmt":"2021-09-02T12:01:56","guid":{"rendered":"https:\/\/neu.ilogs.care\/?p=1193"},"modified":"2021-09-02T12:01:56","modified_gmt":"2021-09-02T12:01:56","slug":"1-jahr-lockdown-in-osterreich","status":"publish","type":"post","link":"https:\/\/james.care\/fr\/1-jahr-lockdown-in-osterreich\/","title":{"rendered":"1 an de lockdown en Autriche"},"content":{"rendered":"<h2>Les assistants num\u00e9riques, h\u00e9ros de la lutte contre l'isolement social.<\/h2>\n<p>Aujourd'hui, il y a exactement un an, le coronavirus a contraint l'Autriche \u00e0 un lockdown national pour la premi\u00e8re fois. Le 16 mars 2020, toutes les entreprises, tous les commerces, toutes les institutions p\u00e9dagogiques, mais aussi les maisons de soins ont \u00e9t\u00e9 temporairement ferm\u00e9s du jour au lendemain, restreignant ainsi massivement notre habitus social. La protection de la population, en particulier des g\u00e9n\u00e9rations plus \u00e2g\u00e9es, \u00e9tait d\u00e9sormais une priorit\u00e9 absolue. En cons\u00e9quence, il a \u00e9t\u00e9 d\u00e9conseill\u00e9 d'entrer en contact avec les membres \u00e2g\u00e9s de la famille et les amis. Nos proches dans les maisons de retraite et les \u00e9tablissements de soins en ont particuli\u00e8rement souffert : ils n'ont pas pu recevoir de visites pendant des mois et ont d\u00fb vivre leur quotidien dans l'isolement social. En plus des m\u00e9decins, infirmiers, etc. qui se d\u00e9vouent sur le front, les assistants num\u00e9riques se sont r\u00e9v\u00e9l\u00e9s \u00eatre des h\u00e9ros dans la lutte contre Corona.<\/p>\n<h3>La num\u00e9risation comme opportunit\u00e9<\/h3>\n<p>L'\u00e8re num\u00e9rique a commenc\u00e9 bien avant la premi\u00e8re vague Corona, mais elle a connu une conjoncture superlative en 2020. Des familles s\u00e9par\u00e9es ont \u00e9t\u00e9 r\u00e9unies gr\u00e2ce \u00e0 la visiophonie. Gr\u00e2ce \u00e0 notre technologie innovante <strong>Logiciel JAMES<\/strong> m\u00eame les personnes \u00e2g\u00e9es les plus r\u00e9ticentes au num\u00e9rique ont pu revoir les voix et les visages de leurs proches. \u00c0 la demande du Land de Carinthie, nous avons \u00e9quip\u00e9 la plupart de nos maisons de soins avec le <strong>JAMES Tablet<\/strong>la tablette de visiophonie adapt\u00e9e aux seniors. Mais aussi notre <strong>Montres d'appel d'urgence JAMES<\/strong> ont prot\u00e9g\u00e9 les personnes \u00e2g\u00e9es isol\u00e9es \u00e0 l'aide d'un syst\u00e8me d'appel d'urgence mobile \u00e0 domicile. Les proches qui ne pouvaient pas s'occuper personnellement de leur parent en raison de Corona ont \u00e9t\u00e9 rassur\u00e9s par la fonction d'alarme de la smartwatch.<\/p>\n<p>Un an plus tard, apr\u00e8s une longue attente, nous b\u00e9n\u00e9ficions enfin d'assouplissements et pouvons enfin revoir des membres \u00e2g\u00e9s de notre famille en respectant diverses mesures de s\u00e9curit\u00e9 comme les vaccinations, les tests COVID et les masques de protection. Les maisons de soins ouvrent \u00e9galement progressivement leurs portes et autorisent d\u00e9sormais les visites en personne au lieu des visites num\u00e9riques. La valeur ajout\u00e9e de la num\u00e9risation sera toutefois de plus en plus mise en lumi\u00e8re dans les ann\u00e9es \u00e0 venir, non seulement dans le secteur priv\u00e9, mais aussi dans celui des soins et de la sant\u00e9. Notre objectif est d'apporter cette valeur ajout\u00e9e \u00e0 l'aide du logiciel convivial pour les personnes \u00e2g\u00e9es de <strong>JAMES<\/strong> de communiquer \u00e9galement avec les g\u00e9n\u00e9rations plus \u00e2g\u00e9es et de vaincre la timidit\u00e9 et le scepticisme dans l'utilisation des appareils num\u00e9riques.<\/p>\n<p>\u00a0<\/p>\n<p>\t\t\t\t\t\t\t\t\t\t\t\t\t\t\t<img decoding=\"async\" width=\"800\" height=\"534\" src=\"https:\/\/james.care\/wp-content\/uploads\/2021\/09\/videocall_jamestation-1024x683.jpg\" alt=\"\" loading=\"lazy\" srcset=\"https:\/\/james.care\/wp-content\/uploads\/2021\/09\/videocall_jamestation-1024x683.jpg 1024w, https:\/\/james.care\/wp-content\/uploads\/2021\/09\/videocall_jamestation-300x200.jpg 300w, https:\/\/james.care\/wp-content\/uploads\/2021\/09\/videocall_jamestation-768x512.jpg 768w, https:\/\/james.care\/wp-content\/uploads\/2021\/09\/videocall_jamestation-1536x1024.jpg 1536w, https:\/\/james.care\/wp-content\/uploads\/2021\/09\/videocall_jamestation.jpg 1600w\" sizes=\"auto, (max-width: 800px) 100vw, 800px\" \/><br \/>\n\t\t\t<a href=\"https:\/\/ilogs.care\/james\" role=\"button\"><br \/>\n\t\t\t\t\t\tPour JAMES<br \/>\n\t\t\t\t\t<\/a><\/p>","protected":false},"excerpt":{"rendered":"<p>Digitale Helfer als Helden im Kampf gegen soziale Isolation. Heute, genau vor einem Jahr zwang der Coronavirus \u00d6sterreich zum ersten Mal in einen landesweiten Lockdown. Am 16.03.2020 wurden \u00fcber Nacht s\u00e4mtliche Unternehmen, Gesch\u00e4fte, p\u00e4dagogische Einrichtungen, aber auch Pflegeheime vor\u00fcbergehend geschlossen und damit unser sozialer Habitus massiv eingeschr\u00e4nkt. Der Schutz der Bev\u00f6lkerung, speziell \u00e4lterer Generationen, genoss [&hellip;]<\/p>\n","protected":false},"author":1,"featured_media":1194,"comment_status":"closed","ping_status":"open","sticky":false,"template":"","format":"standard","meta":{"_acf_changed":false,"_breakdance_hide_in_design_set":false,"_breakdance_tags":"","footnotes":""},"categories":[56],"tags":[],"class_list":["post-1193","post","type-post","status-publish","format-standard","has-post-thumbnail","hentry","category-news"],"acf":[],"_links":{"self":[{"href":"https:\/\/james.care\/fr\/wp-json\/wp\/v2\/posts\/1193","targetHints":{"allow":["GET"]}}],"collection":[{"href":"https:\/\/james.care\/fr\/wp-json\/wp\/v2\/posts"}],"about":[{"href":"https:\/\/james.care\/fr\/wp-json\/wp\/v2\/types\/post"}],"author":[{"embeddable":true,"href":"https:\/\/james.care\/fr\/wp-json\/wp\/v2\/users\/1"}],"replies":[{"embeddable":true,"href":"https:\/\/james.care\/fr\/wp-json\/wp\/v2\/comments?post=1193"}],"version-history":[{"count":0,"href":"https:\/\/james.care\/fr\/wp-json\/wp\/v2\/posts\/1193\/revisions"}],"wp:featuredmedia":[{"embeddable":true,"href":"https:\/\/james.care\/fr\/wp-json\/wp\/v2\/media\/1194"}],"wp:attachment":[{"href":"https:\/\/james.care\/fr\/wp-json\/wp\/v2\/media?parent=1193"}],"wp:term":[{"taxonomy":"category","embeddable":true,"href":"https:\/\/james.care\/fr\/wp-json\/wp\/v2\/categories?post=1193"},{"taxonomy":"post_tag","embeddable":true,"href":"https:\/\/james.care\/fr\/wp-json\/wp\/v2\/tags?post=1193"}],"curies":[{"name":"wp","href":"https:\/\/api.w.org\/{rel}","templated":true}]}}